{"id":1287,"date":"2017-05-30T12:05:33","date_gmt":"2017-05-30T10:05:33","guid":{"rendered":"https:\/\/www.molton-markt.de\/blog\/?p=1287"},"modified":"2025-04-23T11:44:58","modified_gmt":"2025-04-23T09:44:58","slug":"tag-der-offenen-tuer","status":"publish","type":"post","link":"https:\/\/www.molton-markt.de\/blog\/tag-der-offenen-tuer.html","title":{"rendered":"Der Molton Markt lud zum Tag der offenen T\u00fcr"},"content":{"rendered":"<p><img loading=\"lazy\" decoding=\"async\" class=\"alignright wp-image-1290\" title=\"Tag der offenen T\u00fcr - das Team von Molton Markt und Planen Markt\" src=\"https:\/\/www.molton-markt.de\/blog\/wp-content\/uploads\/2017\/05\/20170526-team-bei-verlosung-300x225.jpg\" alt=\"Tag der offenen T\u00fcr - das Team von Molton Markt und Planen Markt\" width=\"235\" height=\"177\" srcset=\"https:\/\/www.molton-markt.de\/blog\/wp-content\/uploads\/2017\/05\/20170526-team-bei-verlosung-300x225.jpg 300w, https:\/\/www.molton-markt.de\/blog\/wp-content\/uploads\/2017\/05\/20170526-team-bei-verlosung-768x576.jpg 768w, https:\/\/www.molton-markt.de\/blog\/wp-content\/uploads\/2017\/05\/20170526-team-bei-verlosung.jpg 800w\" sizes=\"auto, (max-width: 235px) 100vw, 235px\" \/>Ein Tag der offenen T\u00fcr bei einem Unternehmen gibt interessante Einblicke in Arbeitsweise und Produktpalette. Das dachten sich auch die zahlreichen Besucher in Freren, die sich am Samstag, 13.05.2017, in die Geheimnisse von <a href=\"https:\/\/www.molton-markt.de\/\">Molton Markt<\/a> und <a href=\"https:\/\/www.planen-markt.de\/\" target=\"_blank\" rel=\"noopener\">Planen Markt<\/a> einweihen lie\u00dfen. Mehrere F\u00fchrungen \u00fcber den Tag verteilt wurden von den Besuchern mit gro\u00dfem Interesse verfolgt. Zu den Highlights der F\u00fchrungen geh\u00f6rte eine Feuerprobe des flammhemmend ausger\u00fcsteten Moltonstoffes, welcher die Eigenschaften unserer <a href=\"https:\/\/www.molton-markt.de\/schwer-entflammbare-stoffe-b1\/\">schwer entflammbaren Stoffe<\/a> unter Beweis stellte. Zudem eine Pr\u00e4sentation von <a href=\"https:\/\/www.molton-markt.de\/molton-kaufen\/tischmolton\/\">Tischmolton<\/a> und seinen Vorz\u00fcgen. W\u00e4hrend sich die Erwachsenen \u00fcber unterschiedliche Moltonstoffe und Planen-Arten informierten, spielten die kleinen G\u00e4ste im gro\u00dfen Sandkasten oder verausgabten sich auf der H\u00fcpfburg.<\/p>\n<div class=\"video-block\">\n<div class=\"brlbs-cmpnt-container brlbs-cmpnt-content-blocker brlbs-cmpnt-with-individual-styles\" data-borlabs-cookie-content-blocker-id=\"default\" data-borlabs-cookie-content=\"PGlmcmFtZSBzcmM9Imh0dHBzOi8vd3d3LnlvdXR1YmUuY29tL2VtYmVkL2E3b2xyVHM3cEFrIiB3aWR0aD0iNTYwIiBoZWlnaHQ9IjMxNSIgZnJhbWVib3JkZXI9IjAiIGFsbG93ZnVsbHNjcmVlbj0iYWxsb3dmdWxsc2NyZWVuIj48L2lmcmFtZT4=\">\n<div class=\"brlbs-cmpnt-cb-preset-a\">\n<p class=\"brlbs-cmpnt-cb-description\">Sie sehen gerade einen Platzhalterinhalt von <strong>MoltonMarkt<\/strong>. Um auf den eigentlichen Inhalt zuzugreifen, klicken Sie auf den Button unten. Bitte beachten Sie, dass dabei Daten an Drittanbieter weitergegeben werden.<\/p>\n<div class=\"brlbs-cmpnt-cb-buttons\"> <a class=\"brlbs-cmpnt-cb-btn\" href=\"#\" data-borlabs-cookie-unblock role=\"button\">Inhalt entsperren<\/a> <a class=\"brlbs-cmpnt-cb-btn\" href=\"#\" data-borlabs-cookie-accept-service role=\"button\" style=\"display: none\">Erforderlichen Service akzeptieren und Inhalte entsperren<\/a> <\/div>\n<p> <a class=\"brlbs-cmpnt-cb-provider-toggle\" href=\"#\" data-borlabs-cookie-show-provider-information role=\"button\">Weitere Informationen<\/a> <\/div>\n<\/div>\n<\/div>\n<h2>Pausieren und gleichzeitig Produkte kennenlernen<\/h2>\n<p><img loading=\"lazy\" decoding=\"async\" class=\"alignright wp-image-1295\" title=\"Tag der offenen T\u00fcr - Kaffee &amp; Kuchen\" src=\"https:\/\/www.molton-markt.de\/blog\/wp-content\/uploads\/2017\/05\/20170526-kuchenschild-300x225.jpg\" alt=\"Tag der offenen T\u00fcr - Kaffee &amp; Kuchen\" width=\"225\" height=\"169\" srcset=\"https:\/\/www.molton-markt.de\/blog\/wp-content\/uploads\/2017\/05\/20170526-kuchenschild-300x225.jpg 300w, https:\/\/www.molton-markt.de\/blog\/wp-content\/uploads\/2017\/05\/20170526-kuchenschild-768x576.jpg 768w, https:\/\/www.molton-markt.de\/blog\/wp-content\/uploads\/2017\/05\/20170526-kuchenschild.jpg 800w\" sizes=\"auto, (max-width: 225px) 100vw, 225px\" \/>Bei all den Fachgespr\u00e4chen \u00fcber Molton und Planen machte sich fr\u00fcher oder sp\u00e4ter auch der Magen bemerkbar. Snacks und kalte Getr\u00e4nke, sowie Kaffee und Kuchen konnten bequem an den zahlreichen Tischen in einer ehemaligen Lackierhalle eingenommen werden. Ausgeschm\u00fcckt war der Raum selbstverst\u00e4ndlich mit <a href=\"https:\/\/www.molton-markt.de\/molton-kaufen\/dekomolton\/\">Dekomolton<\/a> aus dem eigenen Sortiment. Eine <a href=\"https:\/\/www.planen-markt.de\/terrassenverkleidung\/\" target=\"_blank\" rel=\"noopener\">Flexiwand<\/a> mit Rei\u00dfverschluss sowie mit Sichtfenster schloss eine Tor\u00f6ffnung und sorgte dar\u00fcber hinaus f\u00fcr Schutz gegen Sonne, Zugluft und Staub. So konnten die G\u00e4ste beim Tag der offenen T\u00fcr einige der Produkte im praktischen Einsatz erleben.<\/p>\n<h2>Wer fragt, dem wird geholfen<\/h2>\n<p><img loading=\"lazy\" decoding=\"async\" class=\"alignright wp-image-1292\" title=\"Tag der offenen T\u00fcr - die Auskenner\" src=\"https:\/\/www.molton-markt.de\/blog\/wp-content\/uploads\/2017\/05\/20170526-westen-auskenner-300x225.jpg\" alt=\"Tag der offenen T\u00fcr - die Auskenner\" width=\"191\" height=\"144\" srcset=\"https:\/\/www.molton-markt.de\/blog\/wp-content\/uploads\/2017\/05\/20170526-westen-auskenner-300x225.jpg 300w, https:\/\/www.molton-markt.de\/blog\/wp-content\/uploads\/2017\/05\/20170526-westen-auskenner-768x576.jpg 768w, https:\/\/www.molton-markt.de\/blog\/wp-content\/uploads\/2017\/05\/20170526-westen-auskenner.jpg 800w\" sizes=\"auto, (max-width: 191px) 100vw, 191px\" \/>F\u00fcr die musikalische Untermalung des Tages sorgte ein professioneller DJ, die Kinder hatten genug mit H\u00fcpfburg und Sandkasten zu tun und wer nach der F\u00fchrung noch Fragen zu Produkten oder zum Unternehmen selbst hatte, fand mit Leichtigkeit einen Ansprechpartner. Daf\u00fcr sorgten die auff\u00e4lligen Westen des Teams mit der Aufschrift \u201eAuskenner\u201c oder \u201eAuskennerin&#8220;. Blau f\u00fcr die Herren, Rosa f\u00fcr die Damen, versteht sich.<\/p>\n<h2>B\u00fchnenstoff meets B\u00fchnentechnik<\/h2>\n<p>Wo B\u00fchnenstoffe wie <a href=\"https:\/\/www.molton-markt.de\/molton-kaufen\/buehnenmolton\/\">B\u00fchnenmolton<\/a>, Dekomolton, <a href=\"https:\/\/www.molton-markt.de\/molton-kaufen\/satinmolton\/\">Satinmolton <\/a>und <a href=\"https:\/\/www.molton-markt.de\/buehnensamt\/\">B\u00fchnensamt<\/a> verkauft werden, darf die passende B\u00fchnentechnik nicht fehlen. Es war vom Molton Markt nur konsequent, die Firma HotSound-Store aus Cloppenburg zum Tag der offenen T\u00fcr nach Freren einzuladen. Christian Liedmann hatte nicht nur seinen passenden Namen dabei, sondern auch einige seiner Neuheiten f\u00fcr B\u00fchnentechnik im Gep\u00e4ck. In dieser Kombination kann sich auch der Laie vorstellen, wie es hinter den Kulissen eines Events zugeht. Wer an diesem Tag noch nicht genug gestaunt hat, konnte einem Holzk\u00fcnstler bei der Arbeit zusehen. Vor den Augen der Besucher entstand eine tolle Holzskulptur.<\/p>\n<h2>Ein abwechslungsreicher Tag der offenen T\u00fcr\u00a0 f\u00fcr Jung und Alt<\/h2>\n<p>Ein weiteres Highlight des Tages war die gro\u00dfe Verlosung, bei der die G\u00e4ste tolle Produkte gewinnen konnten. Ein 15 m\u00b2 gro\u00dfes <a href=\"https:\/\/www.planen-markt.de\/sonnensegel\/\" target=\"_blank\" rel=\"noopener\">Sonnensegel<\/a> war der Hauptpreis und ging nach Spelle. \u00dcber einen Strandkorb samt <a href=\"https:\/\/www.planen-markt.de\/produkte-pvc-plane\/\" target=\"_blank\" rel=\"noopener\">Abdeckhaube<\/a> aus <a href=\"https:\/\/www.planen-markt.de\/pvc-gewebe\/lkw-plane-meterware\/\" target=\"_blank\" rel=\"noopener\">Lkw-Plane<\/a> konnte sich der zweite Gewinner freuen. Der dritte Preis, eine Gitterbox mit Abdeckung, ging\u00a0 nach Hasel\u00fcnne.\u00a0 Der gl\u00fcckliche Gewinner muss sich in Zukunft keine Gedanken mehr um die Lagerung seines Brennholzes machen.<\/p>\n<p><img loading=\"lazy\" decoding=\"async\" class=\"alignleft wp-image-1296\" title=\"Tag der offenen T\u00fcr - Demonstration der Arbeitsabl\u00e4ufe\" src=\"https:\/\/www.molton-markt.de\/blog\/wp-content\/uploads\/2017\/05\/20170526-naehmaschine-tot-300x225.jpg\" alt=\"Tag der offenen T\u00fcr - Demonstration der Arbeitsabl\u00e4ufe \" width=\"197\" height=\"148\" srcset=\"https:\/\/www.molton-markt.de\/blog\/wp-content\/uploads\/2017\/05\/20170526-naehmaschine-tot-300x225.jpg 300w, https:\/\/www.molton-markt.de\/blog\/wp-content\/uploads\/2017\/05\/20170526-naehmaschine-tot-768x576.jpg 768w, https:\/\/www.molton-markt.de\/blog\/wp-content\/uploads\/2017\/05\/20170526-naehmaschine-tot.jpg 800w\" sizes=\"auto, (max-width: 197px) 100vw, 197px\" \/> <img loading=\"lazy\" decoding=\"async\" class=\"alignleft wp-image-1294\" title=\"Tag der offenen T\u00fcr - Holzkunst\" src=\"https:\/\/www.molton-markt.de\/blog\/wp-content\/uploads\/2017\/05\/20170526-holzkunst-300x225.jpg\" alt=\"Tag der offenen T\u00fcr - Holzkunst\" width=\"201\" height=\"151\" srcset=\"https:\/\/www.molton-markt.de\/blog\/wp-content\/uploads\/2017\/05\/20170526-holzkunst-300x225.jpg 300w, https:\/\/www.molton-markt.de\/blog\/wp-content\/uploads\/2017\/05\/20170526-holzkunst-768x576.jpg 768w, https:\/\/www.molton-markt.de\/blog\/wp-content\/uploads\/2017\/05\/20170526-holzkunst.jpg 800w\" sizes=\"auto, (max-width: 201px) 100vw, 201px\" \/> <img loading=\"lazy\" decoding=\"async\" class=\"alignleft wp-image-1291\" title=\"Tag der offenen T\u00fcr - Auslosung der Gewinner\" src=\"https:\/\/www.molton-markt.de\/blog\/wp-content\/uploads\/2017\/05\/20170526-verlosung-300x225.jpg\" alt=\"Tag der offenen T\u00fcr - Auslosung der Gewinner\" width=\"199\" height=\"149\" srcset=\"https:\/\/www.molton-markt.de\/blog\/wp-content\/uploads\/2017\/05\/20170526-verlosung-300x225.jpg 300w, https:\/\/www.molton-markt.de\/blog\/wp-content\/uploads\/2017\/05\/20170526-verlosung-768x576.jpg 768w, https:\/\/www.molton-markt.de\/blog\/wp-content\/uploads\/2017\/05\/20170526-verlosung.jpg 800w\" sizes=\"auto, (max-width: 199px) 100vw, 199px\" \/><img loading=\"lazy\" decoding=\"async\" class=\"alignleft wp-image-1293\" title=\"Tag der offenen T\u00fcr - Tolle Fotos mit der Selfie-Box\" src=\"https:\/\/www.molton-markt.de\/blog\/wp-content\/uploads\/2017\/05\/20170530-happy-selfie-300x225.jpg\" alt=\"Tag der offenen T\u00fcr - Tolle Fotos mit der Selfie-Box\" width=\"191\" height=\"143\" srcset=\"https:\/\/www.molton-markt.de\/blog\/wp-content\/uploads\/2017\/05\/20170530-happy-selfie-300x225.jpg 300w, https:\/\/www.molton-markt.de\/blog\/wp-content\/uploads\/2017\/05\/20170530-happy-selfie-768x576.jpg 768w, https:\/\/www.molton-markt.de\/blog\/wp-content\/uploads\/2017\/05\/20170530-happy-selfie.jpg 800w\" sizes=\"auto, (max-width: 191px) 100vw, 191px\" \/><\/p>\n<p>Eine besonders beliebte Attraktion an diesem Tag der offenen T\u00fcr war die Fotobox, in der sich die gro\u00dfen und kleinen G\u00e4ste vor verschiedenen Hintergr\u00fcnden fotografieren lassen konnten. Eine tolle Erinnerung f\u00fcr jedermann an einen erfolgreichen und fr\u00f6hlichen Tag in Freren!<\/p>\n","protected":false},"excerpt":{"rendered":"<p><em>Ein Tag der offenen T\u00fcr bei einem Unternehmen gibt interessante Einblicke in Arbeitsweise und Produktpalette. Das dachten sich auch die zahlreichen Besucher in Freren, die sich am Samstag, 13.05.2017, in die Geheimnisse von Molton Markt und Planen Markt einweihen lie\u00dfen.<\/em>  <a href=\"https:\/\/www.molton-markt.de\/blog\/tag-der-offenen-tuer.html\"><\/a><\/p>\n","protected":false},"author":2,"featured_media":0,"comment_status":"closed","ping_status":"closed","sticky":false,"template":"","format":"standard","meta":{"footnotes":""},"categories":[26],"tags":[],"class_list":["post-1287","post","type-post","status-publish","format-standard","hentry","category-neuigkeiten"],"_links":{"self":[{"href":"https:\/\/www.molton-markt.de\/blog\/wp-json\/wp\/v2\/posts\/1287","targetHints":{"allow":["GET"]}}],"collection":[{"href":"https:\/\/www.molton-markt.de\/blog\/wp-json\/wp\/v2\/posts"}],"about":[{"href":"https:\/\/www.molton-markt.de\/blog\/wp-json\/wp\/v2\/types\/post"}],"author":[{"embeddable":true,"href":"https:\/\/www.molton-markt.de\/blog\/wp-json\/wp\/v2\/users\/2"}],"replies":[{"embeddable":true,"href":"https:\/\/www.molton-markt.de\/blog\/wp-json\/wp\/v2\/comments?post=1287"}],"version-history":[{"count":1,"href":"https:\/\/www.molton-markt.de\/blog\/wp-json\/wp\/v2\/posts\/1287\/revisions"}],"predecessor-version":[{"id":4261,"href":"https:\/\/www.molton-markt.de\/blog\/wp-json\/wp\/v2\/posts\/1287\/revisions\/4261"}],"wp:attachment":[{"href":"https:\/\/www.molton-markt.de\/blog\/wp-json\/wp\/v2\/media?parent=1287"}],"wp:term":[{"taxonomy":"category","embeddable":true,"href":"https:\/\/www.molton-markt.de\/blog\/wp-json\/wp\/v2\/categories?post=1287"},{"taxonomy":"post_tag","embeddable":true,"href":"https:\/\/www.molton-markt.de\/blog\/wp-json\/wp\/v2\/tags?post=1287"}],"curies":[{"name":"wp","href":"https:\/\/api.w.org\/{rel}","templated":true}]}}