{"id":134,"date":"2011-08-25T11:23:20","date_gmt":"2011-08-25T09:23:20","guid":{"rendered":"http:\/\/www.molton-markt.de\/blog\/?p=134"},"modified":"2025-05-20T13:10:20","modified_gmt":"2025-05-20T11:10:20","slug":"vernissage-auf-den-spuren-von-vincent-van-gogh","status":"publish","type":"post","link":"https:\/\/www.molton-markt.de\/blog\/vernissage-auf-den-spuren-von-vincent-van-gogh.html","title":{"rendered":"Vernissage: Auf den Spuren von Vincent van Gogh"},"content":{"rendered":"<p><img loading=\"lazy\" decoding=\"async\" class=\"alignright wp-image-3319 size-full\" title=\"Van Gogh\" src=\"https:\/\/www.molton-markt.de\/blog\/wp-content\/uploads\/2011\/08\/van-gogh.png\" alt=\"Van Gogh\" width=\"250\" height=\"188\" \/>Mit seinem Fabel f\u00fcr gro\u00dfe Bilder erinnerte sich Guido Roling an den Kunstlehrer seiner ehemaligen Schule, Hans-Georg Bock, der mit den Sch\u00fclern der <a title=\"Integrierte Gesamtschule F\u00fcrstenau\" href=\"https:\/\/igsfuerstenau.de\/\" target=\"_blank\" rel=\"noopener\">Integrierten Gesamtschule F\u00fcrstenau<\/a> immer wieder gr\u00f6\u00dfere Projektarbeiten in Angriff nimmt. Bei einem Treffen war es sehr schnell klar, dass die molton-web Roling GmbH ein solches Projekt f\u00f6rdern will. Ohnehin in der Planung zum Umbau der B\u00fcror\u00e4ume begriffen, fand Guido Roling schnell die passende Wand, die geradezu auf ein Kunstwerk wartete.<\/p>\n<p>Mit gro\u00dfem Interesse verfolgte das Molton-Team anl\u00e4sslich der Vernissage in den umgebauten R\u00e4umen die Vortr\u00e4ge der Sch\u00fclerinnen \u00fcber den K\u00fcnstler van Gogh, \u00fcber sein Werk \u201eDie Br\u00fccke von Langlois\u201c und nat\u00fcrlich \u00fcber die Entstehung des gerade eingeweihten Werkes. \u201eEs ist eine wirklich respektable Leistung, die das Projektteam der Schule hier auf die Beine gestellt hat, und wir freuen uns, dass wir durch unsere Unterst\u00fctzung dazu beitragen durften\u201c, sagt der Gesch\u00e4ftsf\u00fchrer Guido Roling. Selbstverst\u00e4ndlich wurde das Projekt von den Sch\u00fclerinnen auch online dokumentiert. Mehr dazu unter: <a title=\"IGS F\u00fcrstenau - Auf den Spuren von Vincent van Gogh\" href=\"https:\/\/igsfuerstenau.de\/2011\/09\/01\/auf-den-spuren-von-vincent-van-gogh\/\" target=\"_blank\" rel=\"noopener\">Auf den Spuren von Vincent van Gogh<\/a><\/p>\n","protected":false},"excerpt":{"rendered":"<p>Mit seinem Fabel f\u00fcr gro\u00dfe Bilder erinnerte sich Guido Roling an den Kunstlehrer seiner ehemaligen Schule, Hans-Georg Bock, der mit den Sch\u00fclern der Integrierten Gesamtschule F\u00fcrstenau immer wieder gr\u00f6\u00dfere Projektarbeiten in Angriff nimmt. Bei einem Treffen war es sehr schnell &hellip; <a href=\"https:\/\/www.molton-markt.de\/blog\/vernissage-auf-den-spuren-von-vincent-van-gogh.html\"><\/a><\/p>\n","protected":false},"author":2,"featured_media":0,"comment_status":"closed","ping_status":"closed","sticky":false,"template":"","format":"standard","meta":{"footnotes":""},"categories":[26],"tags":[],"class_list":["post-134","post","type-post","status-publish","format-standard","hentry","category-neuigkeiten"],"_links":{"self":[{"href":"https:\/\/www.molton-markt.de\/blog\/wp-json\/wp\/v2\/posts\/134","targetHints":{"allow":["GET"]}}],"collection":[{"href":"https:\/\/www.molton-markt.de\/blog\/wp-json\/wp\/v2\/posts"}],"about":[{"href":"https:\/\/www.molton-markt.de\/blog\/wp-json\/wp\/v2\/types\/post"}],"author":[{"embeddable":true,"href":"https:\/\/www.molton-markt.de\/blog\/wp-json\/wp\/v2\/users\/2"}],"replies":[{"embeddable":true,"href":"https:\/\/www.molton-markt.de\/blog\/wp-json\/wp\/v2\/comments?post=134"}],"version-history":[{"count":3,"href":"https:\/\/www.molton-markt.de\/blog\/wp-json\/wp\/v2\/posts\/134\/revisions"}],"predecessor-version":[{"id":4970,"href":"https:\/\/www.molton-markt.de\/blog\/wp-json\/wp\/v2\/posts\/134\/revisions\/4970"}],"wp:attachment":[{"href":"https:\/\/www.molton-markt.de\/blog\/wp-json\/wp\/v2\/media?parent=134"}],"wp:term":[{"taxonomy":"category","embeddable":true,"href":"https:\/\/www.molton-markt.de\/blog\/wp-json\/wp\/v2\/categories?post=134"},{"taxonomy":"post_tag","embeddable":true,"href":"https:\/\/www.molton-markt.de\/blog\/wp-json\/wp\/v2\/tags?post=134"}],"curies":[{"name":"wp","href":"https:\/\/api.w.org\/{rel}","templated":true}]}}