{"id":3533,"date":"2022-12-27T15:27:43","date_gmt":"2022-12-27T14:27:43","guid":{"rendered":"https:\/\/www.molton-markt.de\/blog\/?p=3533"},"modified":"2025-10-21T11:51:43","modified_gmt":"2025-10-21T09:51:43","slug":"fotolabor-verdunkeln","status":"publish","type":"post","link":"https:\/\/www.molton-markt.de\/blog\/fotolabor-verdunkeln.html","title":{"rendered":"Fotolabor\/Dunkelkammer verdunkeln f\u00fcr perfekte Ergebnisse"},"content":{"rendered":"<p>Einem ambitionierten Fotografen und Liebhaber der analogen Fotografie, stellt sich nat\u00fcrlich die Frage: Wie sperre ich Au\u00dfenlicht in der Dunkelkammer aus? Selbstverst\u00e4ndlich gibt es mehrere M\u00f6glichkeiten und einige sind dann eher Provisorien. Eine professionelle L\u00f6sung ist die Verwendung eines blickdichten Vorhangs zur Verdunkelung.<\/p>\n<div class=\"video-block\">\n<div class=\"brlbs-cmpnt-container brlbs-cmpnt-content-blocker brlbs-cmpnt-with-individual-styles\" data-borlabs-cookie-content-blocker-id=\"default\" data-borlabs-cookie-content=\"PGlmcmFtZSB0aXRsZT0iWW91VHViZSB2aWRlbyBwbGF5ZXIiIHNyYz0iaHR0cHM6Ly93d3cueW91dHViZS1ub2Nvb2tpZS5jb20vZW1iZWQvWnMwTXJaa1EwQmciIHdpZHRoPSI1NjAiIGhlaWdodD0iMzE1IiBmcmFtZWJvcmRlcj0iMCIgYWxsb3dmdWxsc2NyZWVuPSJhbGxvd2Z1bGxzY3JlZW4iPjwvaWZyYW1lPg==\">\n<div class=\"brlbs-cmpnt-cb-preset-a\">\n<p class=\"brlbs-cmpnt-cb-description\">Sie sehen gerade einen Platzhalterinhalt von <strong>MoltonMarkt<\/strong>. Um auf den eigentlichen Inhalt zuzugreifen, klicken Sie auf den Button unten. Bitte beachten Sie, dass dabei Daten an Drittanbieter weitergegeben werden.<\/p>\n<div class=\"brlbs-cmpnt-cb-buttons\"> <a class=\"brlbs-cmpnt-cb-btn\" href=\"#\" data-borlabs-cookie-unblock role=\"button\">Inhalt entsperren<\/a> <a class=\"brlbs-cmpnt-cb-btn\" href=\"#\" data-borlabs-cookie-accept-service role=\"button\" style=\"display: none\">Erforderlichen Service akzeptieren und Inhalte entsperren<\/a> <\/div>\n<p> <a class=\"brlbs-cmpnt-cb-provider-toggle\" href=\"#\" data-borlabs-cookie-show-provider-information role=\"button\">Weitere Informationen<\/a> <\/div>\n<\/div>\n<\/div>\n<h2>Mit wenig Aufwand eine Dunkelkammer bauen?<\/h2>\n<p><a href=\"https:\/\/www.molton-markt.de\/blog\/wp-content\/uploads\/2022\/12\/fotolabor-verdunkeln-kalmuck-vorhang.jpg\"><img loading=\"lazy\" decoding=\"async\" class=\"alignright wp-image-3537 size-full\" title=\"Fotolabor verdunkeln \u2013 schwarzer Kalmuck-Vorhang mit Gardinenr\u00f6llchen\" src=\"https:\/\/www.molton-markt.de\/blog\/wp-content\/uploads\/2022\/12\/fotolabor-verdunkeln-kalmuck-vorhang.jpg\" alt=\"Fotolabor verdunkeln \u2013 schwarzer Kalmuck-Vorhang Gardinenr\u00f6llchen \" width=\"300\" height=\"224\" \/><\/a>Einen Raum, der tags\u00fcber mit Tageslicht geflutet wird, zur Dunkelkammer umzubauen, stellt einen schon vor gewisse Herausforderungen. Die entsprechende Ausstattung muss angeschafft werden. Sowohl die Technik als auch die Erstellung und Ausstattung des Arbeitsplatzes sollte gut \u00fcberlegt sein. Nein, g\u00e4nzlich unaufw\u00e4ndig ist ein solches Projekt sicherlich nicht. Es kommt dabei auch sicherlich immer auf den pers\u00f6nlichen Qualit\u00e4tsanspruch an.<\/p>\n            <div itemscope itemtype=\"https:\/\/schema.org\/FAQPage\">\n                <div itemscope itemprop=\"mainEntity\" itemtype=\"https:\/\/schema.org\/Question\">\n                    <h2 itemprop=\"name\">Wie kann man einen Raum \u2013 eine Dunkelkammer - abdunkeln?<\/h2>\n                    <div itemscope itemprop=\"acceptedAnswer\" itemtype=\"https:\/\/schema.org\/Answer\">\n                        <div itemprop=\"text\">\n                            <p>Selbstverst\u00e4ndlich gibt es mehrere M\u00f6glichkeiten. Wir raten zur Verwendung von 500g\/m\u00b2 schwerem, schwarzen Kalmuck. Dieser Stoff ist zu 100% aus Baumwolle und lichtdicht. Er sperrt ungew\u00fcnschte Lichtquellen, bei richtiger Befestigung, zuverl\u00e4ssig aus. Mit einem Vorhang aus Kalmuck haben Sie eine professionelle L\u00f6sung der Verdunkelung im Fotolabor gefunden.<\/p>\n                        <\/div>\n                    <\/div>\n                <\/div>\n            <\/div>\n            \n<h3>Wie dunkel muss eine Dunkelkammer sein?<\/h3>\n<p>Zun\u00e4chst einmal ist es wichtig zu sagen, dass die Dunkelkammer nicht komplett in Schwarz daherkommen muss. Das hei\u00dft, die W\u00e4nde d\u00fcrfen tats\u00e4chlich Wei\u00df sein. Aber jede andere Lichtquelle sollte ausgeschlossen werden. Daf\u00fcr eignet sich ein schwerer, schwarzer Stoff hervorragend. Schwarzer <a href=\"https:\/\/www.molton-markt.de\/molton-kaufen\/kalmuck-kaufen\/\" target=\"_blank\" rel=\"noopener\">Kalmuck<\/a> (auch: Calmuc) aus dem Sortiment des MoltonMarkts bietet perfekte Eigenschaften zur Verdunkelung.<\/p>\n<h3>Merkmale von Kalmuck<\/h3>\n<p><a href=\"https:\/\/www.molton-markt.de\/blog\/wp-content\/uploads\/2022\/12\/fotolabor-verdunkeln-kalmuck-gewebe.jpg\"><img loading=\"lazy\" decoding=\"async\" class=\"alignright wp-image-3536 size-full\" title=\"Fotolabor verdunkeln \u2013 schwarzes Kalmuck-Gewebe\" src=\"https:\/\/www.molton-markt.de\/blog\/wp-content\/uploads\/2022\/12\/fotolabor-verdunkeln-kalmuck-gewebe.jpg\" alt=\"Fotolabor verdunkeln \u2013 Kalmuck-Gewebe schwarz\" width=\"300\" height=\"224\" \/><\/a>Durch sein Gewicht von 500g\/m\u00b2 ist er absolut blickdicht. Dar\u00fcber hinaus ist er flammhemmend B1 ausger\u00fcstet. <a href=\"https:\/\/www.molton-markt.de\/schwer-entflammbare-stoffe-b1\/\">Schwer entflammbare Stoffe<\/a> bieten einen besonderen Sicherheitsaspekt. Die Stoffdichte macht den Kalmuck dar\u00fcber hinaus zu einem Schallschlucker, sodass sich zus\u00e4tzlich die <a title=\"Raumakustik verbessern\" href=\"https:\/\/www.molton-markt.de\/raumakustik-verbessern\/\" target=\"_blank\" rel=\"noopener\">Raumakustik verbessern<\/a> l\u00e4sst. Und selbst bei unangenehmer Zugluft durch undichte T\u00fcren oder Fenster sorgt er f\u00fcr wohlige W\u00e4rme. Verwendet man <a href=\"https:\/\/www.molton-markt.de\/molton-kaufen\/kalmuck-kaufen\/kalmuck-vorhang\/\" target=\"_blank\" rel=\"noopener\">Kalmuck-Vorh\u00e4nge<\/a> vor Fenstern und T\u00fcren, so l\u00e4sst sich das Tageslicht zuverl\u00e4ssig aussperren. Und darum geht es beim Abdunkeln in der Dunkelkammer. Neben schwerem Kalmuck haben wir nat\u00fcrlich auch <a href=\"https:\/\/www.molton-markt.de\/molton-kaufen\/molton-meterware\/\">Molton Meterware<\/a> in Schwarz in unterschiedlichen Breiten und Qualit\u00e4ten sofort ab Lager verf\u00fcgbar. Finden Sie bei uns erstklassigen <a title=\"Molton f\u00fcr Studio\" href=\"https:\/\/www.molton-markt.de\/molton-studio\/\" target=\"_blank\" rel=\"noopener\">Molton f\u00fcr Ihr Studio<\/a>, der sich perfekt f\u00fcr professionelle und anspruchsvolle Anwendungen eignet.<\/p>\n<h3>Rotes Licht im lichtdichten Raum<\/h3>\n<p><a href=\"https:\/\/www.molton-markt.de\/blog\/wp-content\/uploads\/2022\/12\/fotolabor-verdunkeln-dunkelkammerbeleuchtung.jpg\"><img loading=\"lazy\" decoding=\"async\" class=\"alignright wp-image-3535 size-full\" title=\"Fotolabor verdunkeln \u2013 Dunkelkammer mit rotem Licht\" src=\"https:\/\/www.molton-markt.de\/blog\/wp-content\/uploads\/2022\/12\/fotolabor-verdunkeln-dunkelkammerbeleuchtung.jpg\" alt=\"Fotolabor verdunkeln \u2013 Dunkelkammer rotes Licht \" width=\"300\" height=\"224\" \/><\/a>Die Dunkelkammer ist ein lichtdichter Raum. Zur sanften Laborbeleuchtung wird Rotlicht bzw. eine Dunkelkammerleuchte genutzt. Das Licht sollte nicht direkt auf das Fotopapier leuchten. Unterschiedliche Papiere reagieren auf andere Wellenl\u00e4ngen des Lichts. Je nach seiner Art ist Fotopapier f\u00fcr rotes oder braunes Licht weniger geeignet.<\/p>\n<p>&nbsp;<\/p>\n<h2>Mit wenig Aufwand Lichtritze abdichten<\/h2>\n<p>Um T\u00fcrspalte oder andere minimale Lichtquellen auszuschlie\u00dfen, lohnt es sich, sich aus Kalmuck einen lichtdichten Vorleger n\u00e4hen zu lassen. Der MoltonMarkt verf\u00fcgt \u00fcber eine N\u00e4herei mit professionellen Nahmaschinen, die auch <a href=\"https:\/\/www.molton-markt.de\/molton-kaufen\/schwere-stoffe-ab-500g\/\" target=\"_blank\" rel=\"noopener\">schwere Stoffe<\/a> bearbeiten k\u00f6nnen. Teilen Sie uns einfach die Ma\u00dfe mit, die Sie ben\u00f6tigen und unsere Fachleute fertigen Ihnen individuelle Lichtstopper.<\/p>\n<h2>Ist Ihr Fotolabor zuhause nun bereit?<\/h2>\n<p>Sie haben Ihr Equipment zur Laborausstattung am Start? Wenn Sie jetzt noch alle bekannten Lichtquellen ausgeschlossen haben, sollten Sie nat\u00fcrlich pr\u00fcfen ob wirklich kein Licht mehr eindringen kann. Denn nur dann k\u00f6nnen Sie perfekte Bildergebnisse in der analogen Fotografie erwarten und abliefern. Einer erfolgreichen Arbeit im Fotolabor steht dann nichts mehr im Wege.<\/p>\n","protected":false},"excerpt":{"rendered":"<p>Einem ambitionierten Fotografen und Liebhaber der analogen Fotografie, stellt sich nat\u00fcrlich die Frage: Wie sperre ich Au\u00dfenlicht in der Dunkelkammer aus? Selbstverst\u00e4ndlich gibt es mehrere M\u00f6glichkeiten und einige sind dann eher Provisorien. Eine professionelle L\u00f6sung ist die Verwendung eines blickdichten &hellip; <a href=\"https:\/\/www.molton-markt.de\/blog\/fotolabor-verdunkeln.html\"><\/a><\/p>\n","protected":false},"author":2,"featured_media":3535,"comment_status":"closed","ping_status":"open","sticky":false,"template":"","format":"standard","meta":{"footnotes":""},"categories":[49],"tags":[],"class_list":["post-3533","post","type-post","status-publish","format-standard","has-post-thumbnail","hentry","category-molton-im-fotostudio"],"_links":{"self":[{"href":"https:\/\/www.molton-markt.de\/blog\/wp-json\/wp\/v2\/posts\/3533","targetHints":{"allow":["GET"]}}],"collection":[{"href":"https:\/\/www.molton-markt.de\/blog\/wp-json\/wp\/v2\/posts"}],"about":[{"href":"https:\/\/www.molton-markt.de\/blog\/wp-json\/wp\/v2\/types\/post"}],"author":[{"embeddable":true,"href":"https:\/\/www.molton-markt.de\/blog\/wp-json\/wp\/v2\/users\/2"}],"replies":[{"embeddable":true,"href":"https:\/\/www.molton-markt.de\/blog\/wp-json\/wp\/v2\/comments?post=3533"}],"version-history":[{"count":6,"href":"https:\/\/www.molton-markt.de\/blog\/wp-json\/wp\/v2\/posts\/3533\/revisions"}],"predecessor-version":[{"id":5263,"href":"https:\/\/www.molton-markt.de\/blog\/wp-json\/wp\/v2\/posts\/3533\/revisions\/5263"}],"wp:featuredmedia":[{"embeddable":true,"href":"https:\/\/www.molton-markt.de\/blog\/wp-json\/wp\/v2\/media\/3535"}],"wp:attachment":[{"href":"https:\/\/www.molton-markt.de\/blog\/wp-json\/wp\/v2\/media?parent=3533"}],"wp:term":[{"taxonomy":"category","embeddable":true,"href":"https:\/\/www.molton-markt.de\/blog\/wp-json\/wp\/v2\/categories?post=3533"},{"taxonomy":"post_tag","embeddable":true,"href":"https:\/\/www.molton-markt.de\/blog\/wp-json\/wp\/v2\/tags?post=3533"}],"curies":[{"name":"wp","href":"https:\/\/api.w.org\/{rel}","templated":true}]}}